{"id":1514,"date":"2011-03-15T22:21:00","date_gmt":"2011-03-15T22:21:00","guid":{"rendered":"https:\/\/inposdom.gob.do\/filatelia\/emision-postal-cuevas-protegidas\/"},"modified":"2011-03-15T22:21:00","modified_gmt":"2011-03-15T22:21:00","slug":"emision-postal-cuevas-protegidas","status":"publish","type":"post","link":"https:\/\/inposdom.gob.do\/filatelia\/emision-postal-cuevas-protegidas\/","title":{"rendered":"Emisi\u00f3n Postal Cuevas Protegidas"},"content":{"rendered":"<p><a href=\"http:\/\/2.bp.blogspot.com\/-i5f4EkEno68\/TX_rwDjAWfI\/AAAAAAAAAGY\/qOYX4rPRb8o\/s1600\/SELLOS%2BCUEVAS%2BBLOG.jpg\"><img decoding=\"async\" id=\"BLOGGER_PHOTO_ID_5584441273781082610\" style=\"FLOAT: right; MARGIN: 0px 0px 10px 10px; WIDTH: 200px; CURSOR: hand; HEIGHT: 168px\" alt=\"\" src=\"http:\/\/2.bp.blogspot.com\/-i5f4EkEno68\/TX_rwDjAWfI\/AAAAAAAAAGY\/qOYX4rPRb8o\/s200\/SELLOS%2BCUEVAS%2BBLOG.jpg\" border=\"0\" \/><\/a><\/p>\n<div>Con la presencia del Ministro de Medio Ambiente y Recursos Naturales, Dr. Jaime David Fern\u00e1ndez en la sede del Instituto Postal Dominicano ( Inposdom) , ambas instituciones con sus representantes a la cabeza, pusieron en circulaci\u00f3n un bloque de 4 estampillas presentando cuatro reservas antropol\u00f3gicas de marcado inter\u00e9s cultural, cient\u00edfico y ambiental, las Cuevas del Pomier, las Cuevas de Fun Fun, la Cueva de Fernando Alonzo y las Cuevas de las Golondrinas.<\/div>\n<div><\/div>\n<p><\/p>\n<div>Estas cuevas, situadas en diferentes regiones del pa\u00eds, por su singular belleza y caracter\u00edsticas son consideradas patrimonios nacionales. Las Cuevas del Pomier o de Borb\u00f3n, reserva ubicada en San Crist\u00f3bal, constituye una formaci\u00f3n geol\u00f3gica \u00fanica en el pa\u00eds y de las cuales existen pocas en el mundo.<\/div>\n<div><\/div>\n<p><\/p>\n<div>Los sellos fueron impresos por Litograf\u00eda Ferr\u00faa bajo el decreto 153-08. La composici\u00f3n es del arq. Manuel Pappaterra y se imprimieron 160,000 ejemplares en bloque de 4 sellos, con valores individuales de RD $10.00 c\/u. <\/div>\n<p><\/p>\n<div>A pesar de su reciente circulaci\u00f3n, esta emisi\u00f3n corresponde a la Colecci\u00f3n 2010.<\/div>\n<p><\/p>\n<div><\/div>\n<div>Servicio Filat\u00e9lico Inposdom<\/div>\n","protected":false},"excerpt":{"rendered":"<p>Con la presencia del Ministro de Medio Ambiente y Recursos Naturales, Dr. Jaime David Fern\u00e1ndez en la sede del Instituto Postal Dominicano ( Inposdom) , ambas instituciones con sus representantes a la cabeza, pusieron en circulaci\u00f3n un bloque de 4 estampillas presentando cuatro reservas antropol\u00f3gicas de marcado inter\u00e9s cultural, cient\u00edfico y ambiental, las Cuevas del [&hellip;]<\/p>\n","protected":false},"author":1,"featured_media":0,"comment_status":"","ping_status":"closed","sticky":false,"template":"","format":"standard","meta":{"footnotes":""},"categories":[1],"tags":[],"class_list":["post-1514","post","type-post","status-publish","format-standard","hentry","category-novedades"],"_links":{"self":[{"href":"https:\/\/inposdom.gob.do\/filatelia\/wp-json\/wp\/v2\/posts\/1514","targetHints":{"allow":["GET"]}}],"collection":[{"href":"https:\/\/inposdom.gob.do\/filatelia\/wp-json\/wp\/v2\/posts"}],"about":[{"href":"https:\/\/inposdom.gob.do\/filatelia\/wp-json\/wp\/v2\/types\/post"}],"author":[{"embeddable":true,"href":"https:\/\/inposdom.gob.do\/filatelia\/wp-json\/wp\/v2\/users\/1"}],"replies":[{"embeddable":true,"href":"https:\/\/inposdom.gob.do\/filatelia\/wp-json\/wp\/v2\/comments?post=1514"}],"version-history":[{"count":0,"href":"https:\/\/inposdom.gob.do\/filatelia\/wp-json\/wp\/v2\/posts\/1514\/revisions"}],"wp:attachment":[{"href":"https:\/\/inposdom.gob.do\/filatelia\/wp-json\/wp\/v2\/media?parent=1514"}],"wp:term":[{"taxonomy":"category","embeddable":true,"href":"https:\/\/inposdom.gob.do\/filatelia\/wp-json\/wp\/v2\/categories?post=1514"},{"taxonomy":"post_tag","embeddable":true,"href":"https:\/\/inposdom.gob.do\/filatelia\/wp-json\/wp\/v2\/tags?post=1514"}],"curies":[{"name":"wp","href":"https:\/\/api.w.org\/{rel}","templated":true}]}}